{"id":4046,"date":"2026-09-05T22:23:07","date_gmt":"2026-09-06T01:23:07","guid":{"rendered":"https:\/\/agoranea.org\/web\/?p=4046"},"modified":"2026-09-05T22:35:37","modified_gmt":"2026-09-06T01:35:37","slug":"realizamos-el-acto-de-lanzamiento-de-la-carrera","status":"publish","type":"post","link":"https:\/\/agoranea.org\/web\/realizamos-el-acto-de-lanzamiento-de-la-carrera\/","title":{"rendered":"REALIZAMOS EL ACTO DE LANZAMIENTO DE LA CARRERA"},"content":{"rendered":"<div class=\"wp-block-image\">\n<figure class=\"aligncenter size-large\"><img loading=\"lazy\" decoding=\"async\" width=\"1024\" height=\"539\" src=\"https:\/\/agoranea.org\/web\/wp-content\/uploads\/2026\/09\/20260905-Acto-de-lanzamiento-1-1024x539.jpg\" alt=\"\" class=\"wp-image-4050\" srcset=\"https:\/\/agoranea.org\/web\/wp-content\/uploads\/2026\/09\/20260905-Acto-de-lanzamiento-1-1024x539.jpg 1024w, https:\/\/agoranea.org\/web\/wp-content\/uploads\/2026\/09\/20260905-Acto-de-lanzamiento-1-300x158.jpg 300w, https:\/\/agoranea.org\/web\/wp-content\/uploads\/2026\/09\/20260905-Acto-de-lanzamiento-1-768x404.jpg 768w, https:\/\/agoranea.org\/web\/wp-content\/uploads\/2026\/09\/20260905-Acto-de-lanzamiento-1.jpg 1200w\" sizes=\"auto, (max-width: 1024px) 100vw, 1024px\" \/><\/figure><\/div>\n\n\n<p>Con la presencia de Autoridades de la Fundaci\u00f3n \u00c1gora, la Municipalidad de Goya y la Universidad del Chaco Austral, este s\u00e1bado 5 de septiembre de 2026 se realiz\u00f3 formalmente el acto inaugural con la firma del convenio marco para el dictado de la Licenciatura en Educaci\u00f3n.<\/p>\n\n\n\n<p>Compartimos el video del acto del cual participaron cursantes en modo presencial y de forma remota mediante la plataforma virtual. <\/p>\n\n\n\n<iframe loading=\"lazy\" \n    src=\"https:\/\/drive.google.com\/file\/d\/1ttQQt0nt3MimVu8LZjlrhkMTQ1Z3JLoz\/preview\" \n    width=\"100%\" \n    height=\"600\" \n    allow=\"autoplay\" \n    style=\"border: none; max-width: 100%;\">\n<\/iframe>\n\n\n\n<p><\/p>\n","protected":false},"excerpt":{"rendered":"<p>Con la presencia de Autoridades de la Fundaci\u00f3n \u00c1gora, la Municipalidad de Goya y la Universidad del Chaco Austral, este s\u00e1bado 5 de septiembre de 2026 se realiz\u00f3 formalmente el acto inaugural con la firma del convenio marco para el dictado de la Licenciatura en Educaci\u00f3n. Compartimos el video del acto del cual participaron cursantes&#8230;<\/p>\n","protected":false},"author":1,"featured_media":4049,"comment_status":"closed","ping_status":"open","sticky":false,"template":"","format":"standard","meta":{"_kadence_starter_templates_imported_post":false,"_kad_post_transparent":"","_kad_post_title":"","_kad_post_layout":"","_kad_post_sidebar_id":"","_kad_post_content_style":"","_kad_post_vertical_padding":"","_kad_post_feature":"","_kad_post_feature_position":"","_kad_post_header":false,"_kad_post_footer":false,"footnotes":""},"categories":[1,9],"tags":[],"class_list":["post-4046","post","type-post","status-publish","format-standard","has-post-thumbnail","hentry","category-actualidad","category-licenciatura"],"_links":{"self":[{"href":"https:\/\/agoranea.org\/web\/wp-json\/wp\/v2\/posts\/4046","targetHints":{"allow":["GET"]}}],"collection":[{"href":"https:\/\/agoranea.org\/web\/wp-json\/wp\/v2\/posts"}],"about":[{"href":"https:\/\/agoranea.org\/web\/wp-json\/wp\/v2\/types\/post"}],"author":[{"embeddable":true,"href":"https:\/\/agoranea.org\/web\/wp-json\/wp\/v2\/users\/1"}],"replies":[{"embeddable":true,"href":"https:\/\/agoranea.org\/web\/wp-json\/wp\/v2\/comments?post=4046"}],"version-history":[{"count":5,"href":"https:\/\/agoranea.org\/web\/wp-json\/wp\/v2\/posts\/4046\/revisions"}],"predecessor-version":[{"id":4057,"href":"https:\/\/agoranea.org\/web\/wp-json\/wp\/v2\/posts\/4046\/revisions\/4057"}],"wp:featuredmedia":[{"embeddable":true,"href":"https:\/\/agoranea.org\/web\/wp-json\/wp\/v2\/media\/4049"}],"wp:attachment":[{"href":"https:\/\/agoranea.org\/web\/wp-json\/wp\/v2\/media?parent=4046"}],"wp:term":[{"taxonomy":"category","embeddable":true,"href":"https:\/\/agoranea.org\/web\/wp-json\/wp\/v2\/categories?post=4046"},{"taxonomy":"post_tag","embeddable":true,"href":"https:\/\/agoranea.org\/web\/wp-json\/wp\/v2\/tags?post=4046"}],"curies":[{"name":"wp","href":"https:\/\/api.w.org\/{rel}","templated":true}]}}